{"id":406,"date":"2019-06-06T22:20:39","date_gmt":"2019-06-07T01:20:39","guid":{"rendered":"https:\/\/grupocostanera.com.ar\/?p=406"},"modified":"2024-04-08T09:28:46","modified_gmt":"2024-04-08T12:28:46","slug":"festejos-de-semana-santa","status":"publish","type":"post","link":"https:\/\/grupocostanera.com.ar\/index.php\/2019\/06\/06\/festejos-de-semana-santa\/","title":{"rendered":"FESTEJOS DE SEMANA SANTA"},"content":{"rendered":"\n<figure class=\"wp-block-image\"><img loading=\"lazy\" decoding=\"async\" width=\"700\" height=\"466\" src=\"https:\/\/grupocostanera.com.ar\/wp-content\/uploads\/2019\/06\/images_-EVENTOS-_paella-700x466_c.jpg\" alt=\"\" class=\"wp-image-407\" srcset=\"https:\/\/grupocostanera.com.ar\/wp-content\/uploads\/2019\/06\/images_-EVENTOS-_paella-700x466_c.jpg 700w, https:\/\/grupocostanera.com.ar\/wp-content\/uploads\/2019\/06\/images_-EVENTOS-_paella-700x466_c-300x200.jpg 300w\" sizes=\"(max-width: 700px) 100vw, 700px\" \/><\/figure>\n\n\n\n<p> Durante cuatro d\u00edas una nutrida agenda de actividades en Viedma y El C\u00f3ndor invita a las familias a participar de actividades como el I Festival Gastron\u00f3mico \u201cEl C\u00f3ndor A Gusto\u201d que convoc\u00f3 a representantes de diversas provincias, una paella gigante cocinada en vivo en la Playa, actividades y deportes de viento, promociones en diversos locales comerciales, entre otras propuestas a desarrollarse en la Comarca. <\/p>\n\n\n\n<p><strong>Fecha:<\/strong>&nbsp;\u00daltima semana de Marzo<br><strong>Lugar:<\/strong>&nbsp;Viedma y Balneario El C\u00f3ndor\n\n<\/p>\n","protected":false},"excerpt":{"rendered":"<p>Durante cuatro d\u00edas una nutrida agenda de actividades en Viedma y El C\u00f3ndor invita a las familias a participar de actividades como el I Festival Gastron\u00f3mico \u201cEl C\u00f3ndor A Gusto\u201d que convoc\u00f3 a representantes de diversas provincias, una paella gigante cocinada en vivo en la Playa, actividades y deportes de viento, promociones en diversos locales [&hellip;]<\/p>\n","protected":false},"author":1,"featured_media":407,"comment_status":"closed","ping_status":"open","sticky":false,"template":"","format":"standard","meta":{"ngg_post_thumbnail":0,"footnotes":""},"categories":[10],"tags":[],"post_folder":[],"class_list":{"0":"post-406","1":"post","2":"type-post","3":"status-publish","4":"format-standard","5":"has-post-thumbnail","7":"category-eventos","8":"czr-hentry"},"yoast_head":"<!-- This site is optimized with the Yoast SEO plugin v25.6 - https:\/\/yoast.com\/wordpress\/plugins\/seo\/ -->\n<title>FESTEJOS DE SEMANA SANTA - Grupo Costanera<\/title>\n<meta name=\"robots\" content=\"index, follow, max-snippet:-1, max-image-preview:large, max-video-preview:-1\" \/>\n<link rel=\"canonical\" href=\"https:\/\/grupocostanera.com.ar\/index.php\/2019\/06\/06\/festejos-de-semana-santa\/\" \/>\n<meta property=\"og:locale\" content=\"es_ES\" \/>\n<meta property=\"og:type\" content=\"article\" \/>\n<meta property=\"og:title\" content=\"FESTEJOS DE SEMANA SANTA - Grupo Costanera\" \/>\n<meta property=\"og:description\" content=\"Durante cuatro d\u00edas una nutrida agenda de actividades en Viedma y El C\u00f3ndor invita a las familias a participar de actividades como el I Festival Gastron\u00f3mico \u201cEl C\u00f3ndor A Gusto\u201d que convoc\u00f3 a representantes de diversas provincias, una paella gigante cocinada en vivo en la Playa, actividades y deportes de viento, promociones en diversos locales [&hellip;]\" \/>\n<meta property=\"og:url\" content=\"https:\/\/grupocostanera.com.ar\/index.php\/2019\/06\/06\/festejos-de-semana-santa\/\" \/>\n<meta property=\"og:site_name\" content=\"Grupo Costanera\" \/>\n<meta property=\"article:published_time\" content=\"2019-06-07T01:20:39+00:00\" \/>\n<meta property=\"article:modified_time\" content=\"2024-04-08T12:28:46+00:00\" \/>\n<meta property=\"og:image\" content=\"https:\/\/grupocostanera.com.ar\/wp-content\/uploads\/2019\/06\/images_-EVENTOS-_paella-700x466_c.jpg\" \/>\n\t<meta property=\"og:image:width\" content=\"700\" \/>\n\t<meta property=\"og:image:height\" content=\"466\" \/>\n\t<meta property=\"og:image:type\" content=\"image\/jpeg\" \/>\n<meta name=\"author\" content=\"admin\" \/>\n<meta name=\"twitter:card\" content=\"summary_large_image\" \/>\n<meta name=\"twitter:label1\" content=\"Escrito por\" \/>\n\t<meta name=\"twitter:data1\" content=\"admin\" \/>\n<script type=\"application\/ld+json\" class=\"yoast-schema-graph\">{\"@context\":\"https:\/\/schema.org\",\"@graph\":[{\"@type\":\"Article\",\"@id\":\"https:\/\/grupocostanera.com.ar\/index.php\/2019\/06\/06\/festejos-de-semana-santa\/#article\",\"isPartOf\":{\"@id\":\"https:\/\/grupocostanera.com.ar\/index.php\/2019\/06\/06\/festejos-de-semana-santa\/\"},\"author\":{\"name\":\"admin\",\"@id\":\"https:\/\/grupocostanera.com.ar\/#\/schema\/person\/4176aaedefc9224ebaf1a01d348f653e\"},\"headline\":\"FESTEJOS DE SEMANA SANTA\",\"datePublished\":\"2019-06-07T01:20:39+00:00\",\"dateModified\":\"2024-04-08T12:28:46+00:00\",\"mainEntityOfPage\":{\"@id\":\"https:\/\/grupocostanera.com.ar\/index.php\/2019\/06\/06\/festejos-de-semana-santa\/\"},\"wordCount\":86,\"publisher\":{\"@id\":\"https:\/\/grupocostanera.com.ar\/#organization\"},\"image\":{\"@id\":\"https:\/\/grupocostanera.com.ar\/index.php\/2019\/06\/06\/festejos-de-semana-santa\/#primaryimage\"},\"thumbnailUrl\":\"https:\/\/grupocostanera.com.ar\/wp-content\/uploads\/2019\/06\/images_-EVENTOS-_paella-700x466_c.jpg\",\"articleSection\":[\"Eventos\"],\"inLanguage\":\"es\"},{\"@type\":\"WebPage\",\"@id\":\"https:\/\/grupocostanera.com.ar\/index.php\/2019\/06\/06\/festejos-de-semana-santa\/\",\"url\":\"https:\/\/grupocostanera.com.ar\/index.php\/2019\/06\/06\/festejos-de-semana-santa\/\",\"name\":\"FESTEJOS DE SEMANA SANTA - Grupo Costanera\",\"isPartOf\":{\"@id\":\"https:\/\/grupocostanera.com.ar\/#website\"},\"primaryImageOfPage\":{\"@id\":\"https:\/\/grupocostanera.com.ar\/index.php\/2019\/06\/06\/festejos-de-semana-santa\/#primaryimage\"},\"image\":{\"@id\":\"https:\/\/grupocostanera.com.ar\/index.php\/2019\/06\/06\/festejos-de-semana-santa\/#primaryimage\"},\"thumbnailUrl\":\"https:\/\/grupocostanera.com.ar\/wp-content\/uploads\/2019\/06\/images_-EVENTOS-_paella-700x466_c.jpg\",\"datePublished\":\"2019-06-07T01:20:39+00:00\",\"dateModified\":\"2024-04-08T12:28:46+00:00\",\"breadcrumb\":{\"@id\":\"https:\/\/grupocostanera.com.ar\/index.php\/2019\/06\/06\/festejos-de-semana-santa\/#breadcrumb\"},\"inLanguage\":\"es\",\"potentialAction\":[{\"@type\":\"ReadAction\",\"target\":[\"https:\/\/grupocostanera.com.ar\/index.php\/2019\/06\/06\/festejos-de-semana-santa\/\"]}]},{\"@type\":\"ImageObject\",\"inLanguage\":\"es\",\"@id\":\"https:\/\/grupocostanera.com.ar\/index.php\/2019\/06\/06\/festejos-de-semana-santa\/#primaryimage\",\"url\":\"https:\/\/grupocostanera.com.ar\/wp-content\/uploads\/2019\/06\/images_-EVENTOS-_paella-700x466_c.jpg\",\"contentUrl\":\"https:\/\/grupocostanera.com.ar\/wp-content\/uploads\/2019\/06\/images_-EVENTOS-_paella-700x466_c.jpg\",\"width\":700,\"height\":466},{\"@type\":\"BreadcrumbList\",\"@id\":\"https:\/\/grupocostanera.com.ar\/index.php\/2019\/06\/06\/festejos-de-semana-santa\/#breadcrumb\",\"itemListElement\":[{\"@type\":\"ListItem\",\"position\":1,\"name\":\"Portada\",\"item\":\"https:\/\/grupocostanera.com.ar\/\"},{\"@type\":\"ListItem\",\"position\":2,\"name\":\"FESTEJOS DE SEMANA SANTA\"}]},{\"@type\":\"WebSite\",\"@id\":\"https:\/\/grupocostanera.com.ar\/#website\",\"url\":\"https:\/\/grupocostanera.com.ar\/\",\"name\":\"Grupo Costanera\",\"description\":\"\",\"publisher\":{\"@id\":\"https:\/\/grupocostanera.com.ar\/#organization\"},\"potentialAction\":[{\"@type\":\"SearchAction\",\"target\":{\"@type\":\"EntryPoint\",\"urlTemplate\":\"https:\/\/grupocostanera.com.ar\/?s={search_term_string}\"},\"query-input\":{\"@type\":\"PropertyValueSpecification\",\"valueRequired\":true,\"valueName\":\"search_term_string\"}}],\"inLanguage\":\"es\"},{\"@type\":\"Organization\",\"@id\":\"https:\/\/grupocostanera.com.ar\/#organization\",\"name\":\"Grupo Costanera\",\"url\":\"https:\/\/grupocostanera.com.ar\/\",\"logo\":{\"@type\":\"ImageObject\",\"inLanguage\":\"es\",\"@id\":\"https:\/\/grupocostanera.com.ar\/#\/schema\/logo\/image\/\",\"url\":\"https:\/\/grupocostanera.com.ar\/wp-content\/uploads\/2020\/04\/cropped-lgoo-chico-ok.png\",\"contentUrl\":\"https:\/\/grupocostanera.com.ar\/wp-content\/uploads\/2020\/04\/cropped-lgoo-chico-ok.png\",\"width\":133,\"height\":65,\"caption\":\"Grupo Costanera\"},\"image\":{\"@id\":\"https:\/\/grupocostanera.com.ar\/#\/schema\/logo\/image\/\"}},{\"@type\":\"Person\",\"@id\":\"https:\/\/grupocostanera.com.ar\/#\/schema\/person\/4176aaedefc9224ebaf1a01d348f653e\",\"name\":\"admin\",\"image\":{\"@type\":\"ImageObject\",\"inLanguage\":\"es\",\"@id\":\"https:\/\/grupocostanera.com.ar\/#\/schema\/person\/image\/\",\"url\":\"https:\/\/secure.gravatar.com\/avatar\/e95f7ae2be77e41f32cf9180eb805cbc?s=96&d=mm&r=g\",\"contentUrl\":\"https:\/\/secure.gravatar.com\/avatar\/e95f7ae2be77e41f32cf9180eb805cbc?s=96&d=mm&r=g\",\"caption\":\"admin\"},\"url\":\"https:\/\/grupocostanera.com.ar\/index.php\/author\/admin\/\"}]}<\/script>\n<!-- \/ Yoast SEO plugin. -->","yoast_head_json":{"title":"FESTEJOS DE SEMANA SANTA - Grupo Costanera","robots":{"index":"index","follow":"follow","max-snippet":"max-snippet:-1","max-image-preview":"max-image-preview:large","max-video-preview":"max-video-preview:-1"},"canonical":"https:\/\/grupocostanera.com.ar\/index.php\/2019\/06\/06\/festejos-de-semana-santa\/","og_locale":"es_ES","og_type":"article","og_title":"FESTEJOS DE SEMANA SANTA - Grupo Costanera","og_description":"Durante cuatro d\u00edas una nutrida agenda de actividades en Viedma y El C\u00f3ndor invita a las familias a participar de actividades como el I Festival Gastron\u00f3mico \u201cEl C\u00f3ndor A Gusto\u201d que convoc\u00f3 a representantes de diversas provincias, una paella gigante cocinada en vivo en la Playa, actividades y deportes de viento, promociones en diversos locales [&hellip;]","og_url":"https:\/\/grupocostanera.com.ar\/index.php\/2019\/06\/06\/festejos-de-semana-santa\/","og_site_name":"Grupo Costanera","article_published_time":"2019-06-07T01:20:39+00:00","article_modified_time":"2024-04-08T12:28:46+00:00","og_image":[{"width":700,"height":466,"url":"https:\/\/grupocostanera.com.ar\/wp-content\/uploads\/2019\/06\/images_-EVENTOS-_paella-700x466_c.jpg","type":"image\/jpeg"}],"author":"admin","twitter_card":"summary_large_image","twitter_misc":{"Escrito por":"admin"},"schema":{"@context":"https:\/\/schema.org","@graph":[{"@type":"Article","@id":"https:\/\/grupocostanera.com.ar\/index.php\/2019\/06\/06\/festejos-de-semana-santa\/#article","isPartOf":{"@id":"https:\/\/grupocostanera.com.ar\/index.php\/2019\/06\/06\/festejos-de-semana-santa\/"},"author":{"name":"admin","@id":"https:\/\/grupocostanera.com.ar\/#\/schema\/person\/4176aaedefc9224ebaf1a01d348f653e"},"headline":"FESTEJOS DE SEMANA SANTA","datePublished":"2019-06-07T01:20:39+00:00","dateModified":"2024-04-08T12:28:46+00:00","mainEntityOfPage":{"@id":"https:\/\/grupocostanera.com.ar\/index.php\/2019\/06\/06\/festejos-de-semana-santa\/"},"wordCount":86,"publisher":{"@id":"https:\/\/grupocostanera.com.ar\/#organization"},"image":{"@id":"https:\/\/grupocostanera.com.ar\/index.php\/2019\/06\/06\/festejos-de-semana-santa\/#primaryimage"},"thumbnailUrl":"https:\/\/grupocostanera.com.ar\/wp-content\/uploads\/2019\/06\/images_-EVENTOS-_paella-700x466_c.jpg","articleSection":["Eventos"],"inLanguage":"es"},{"@type":"WebPage","@id":"https:\/\/grupocostanera.com.ar\/index.php\/2019\/06\/06\/festejos-de-semana-santa\/","url":"https:\/\/grupocostanera.com.ar\/index.php\/2019\/06\/06\/festejos-de-semana-santa\/","name":"FESTEJOS DE SEMANA SANTA - Grupo Costanera","isPartOf":{"@id":"https:\/\/grupocostanera.com.ar\/#website"},"primaryImageOfPage":{"@id":"https:\/\/grupocostanera.com.ar\/index.php\/2019\/06\/06\/festejos-de-semana-santa\/#primaryimage"},"image":{"@id":"https:\/\/grupocostanera.com.ar\/index.php\/2019\/06\/06\/festejos-de-semana-santa\/#primaryimage"},"thumbnailUrl":"https:\/\/grupocostanera.com.ar\/wp-content\/uploads\/2019\/06\/images_-EVENTOS-_paella-700x466_c.jpg","datePublished":"2019-06-07T01:20:39+00:00","dateModified":"2024-04-08T12:28:46+00:00","breadcrumb":{"@id":"https:\/\/grupocostanera.com.ar\/index.php\/2019\/06\/06\/festejos-de-semana-santa\/#breadcrumb"},"inLanguage":"es","potentialAction":[{"@type":"ReadAction","target":["https:\/\/grupocostanera.com.ar\/index.php\/2019\/06\/06\/festejos-de-semana-santa\/"]}]},{"@type":"ImageObject","inLanguage":"es","@id":"https:\/\/grupocostanera.com.ar\/index.php\/2019\/06\/06\/festejos-de-semana-santa\/#primaryimage","url":"https:\/\/grupocostanera.com.ar\/wp-content\/uploads\/2019\/06\/images_-EVENTOS-_paella-700x466_c.jpg","contentUrl":"https:\/\/grupocostanera.com.ar\/wp-content\/uploads\/2019\/06\/images_-EVENTOS-_paella-700x466_c.jpg","width":700,"height":466},{"@type":"BreadcrumbList","@id":"https:\/\/grupocostanera.com.ar\/index.php\/2019\/06\/06\/festejos-de-semana-santa\/#breadcrumb","itemListElement":[{"@type":"ListItem","position":1,"name":"Portada","item":"https:\/\/grupocostanera.com.ar\/"},{"@type":"ListItem","position":2,"name":"FESTEJOS DE SEMANA SANTA"}]},{"@type":"WebSite","@id":"https:\/\/grupocostanera.com.ar\/#website","url":"https:\/\/grupocostanera.com.ar\/","name":"Grupo Costanera","description":"","publisher":{"@id":"https:\/\/grupocostanera.com.ar\/#organization"},"potentialAction":[{"@type":"SearchAction","target":{"@type":"EntryPoint","urlTemplate":"https:\/\/grupocostanera.com.ar\/?s={search_term_string}"},"query-input":{"@type":"PropertyValueSpecification","valueRequired":true,"valueName":"search_term_string"}}],"inLanguage":"es"},{"@type":"Organization","@id":"https:\/\/grupocostanera.com.ar\/#organization","name":"Grupo Costanera","url":"https:\/\/grupocostanera.com.ar\/","logo":{"@type":"ImageObject","inLanguage":"es","@id":"https:\/\/grupocostanera.com.ar\/#\/schema\/logo\/image\/","url":"https:\/\/grupocostanera.com.ar\/wp-content\/uploads\/2020\/04\/cropped-lgoo-chico-ok.png","contentUrl":"https:\/\/grupocostanera.com.ar\/wp-content\/uploads\/2020\/04\/cropped-lgoo-chico-ok.png","width":133,"height":65,"caption":"Grupo Costanera"},"image":{"@id":"https:\/\/grupocostanera.com.ar\/#\/schema\/logo\/image\/"}},{"@type":"Person","@id":"https:\/\/grupocostanera.com.ar\/#\/schema\/person\/4176aaedefc9224ebaf1a01d348f653e","name":"admin","image":{"@type":"ImageObject","inLanguage":"es","@id":"https:\/\/grupocostanera.com.ar\/#\/schema\/person\/image\/","url":"https:\/\/secure.gravatar.com\/avatar\/e95f7ae2be77e41f32cf9180eb805cbc?s=96&d=mm&r=g","contentUrl":"https:\/\/secure.gravatar.com\/avatar\/e95f7ae2be77e41f32cf9180eb805cbc?s=96&d=mm&r=g","caption":"admin"},"url":"https:\/\/grupocostanera.com.ar\/index.php\/author\/admin\/"}]}},"_links":{"self":[{"href":"https:\/\/grupocostanera.com.ar\/index.php\/wp-json\/wp\/v2\/posts\/406"}],"collection":[{"href":"https:\/\/grupocostanera.com.ar\/index.php\/wp-json\/wp\/v2\/posts"}],"about":[{"href":"https:\/\/grupocostanera.com.ar\/index.php\/wp-json\/wp\/v2\/types\/post"}],"author":[{"embeddable":true,"href":"https:\/\/grupocostanera.com.ar\/index.php\/wp-json\/wp\/v2\/users\/1"}],"replies":[{"embeddable":true,"href":"https:\/\/grupocostanera.com.ar\/index.php\/wp-json\/wp\/v2\/comments?post=406"}],"version-history":[{"count":1,"href":"https:\/\/grupocostanera.com.ar\/index.php\/wp-json\/wp\/v2\/posts\/406\/revisions"}],"predecessor-version":[{"id":408,"href":"https:\/\/grupocostanera.com.ar\/index.php\/wp-json\/wp\/v2\/posts\/406\/revisions\/408"}],"wp:featuredmedia":[{"embeddable":true,"href":"https:\/\/grupocostanera.com.ar\/index.php\/wp-json\/wp\/v2\/media\/407"}],"wp:attachment":[{"href":"https:\/\/grupocostanera.com.ar\/index.php\/wp-json\/wp\/v2\/media?parent=406"}],"wp:term":[{"taxonomy":"category","embeddable":true,"href":"https:\/\/grupocostanera.com.ar\/index.php\/wp-json\/wp\/v2\/categories?post=406"},{"taxonomy":"post_tag","embeddable":true,"href":"https:\/\/grupocostanera.com.ar\/index.php\/wp-json\/wp\/v2\/tags?post=406"},{"taxonomy":"post_folder","embeddable":true,"href":"https:\/\/grupocostanera.com.ar\/index.php\/wp-json\/wp\/v2\/post_folder?post=406"}],"curies":[{"name":"wp","href":"https:\/\/api.w.org\/{rel}","templated":true}]}}