{"id":53,"date":"2024-02-25T19:17:26","date_gmt":"2024-02-25T22:17:26","guid":{"rendered":"https:\/\/grupocostanera.com.ar\/?p=53"},"modified":"2024-09-13T22:09:52","modified_gmt":"2024-09-14T01:09:52","slug":"departamento-san-marcos","status":"publish","type":"post","link":"https:\/\/grupocostanera.com.ar\/index.php\/2024\/02\/25\/departamento-san-marcos\/","title":{"rendered":"Departamento San Mateo"},"content":{"rendered":"\n<p>Es un departamento tiene con capacidad m\u00e1xima de 4 personas. Est\u00e1 ubicado en una de las mas c\u00e9ntricas esquinas de la ciudad, Sarmiento y Saavedra. Est\u00e1 a 100 metros de la calle Buenos Aires (principal arteria de la ciudad) y a 200 metros de la costanera del rio Negro, principal paseo de la Comarca y a menso de 200 metros de los centros de salud privados mas importantes de la Comarca (Cl\u00ednica, Sanatorio y Instituto de Oncolog\u00eda)<br>Su dise\u00f1o es moderno. Est\u00e1 en un primer piso con ascensor. Tiene un living comedor muy luminoso con vista a la calle Saavedra, en el que tiene una mesa y un sill\u00f3n que se hace cama para 2 persona. Tiene un televisor Android con televisi\u00f3n por aplicaci\u00f3n Sensa 32\u201d y aire acondicionado. Se vincula con la cocina equipada para 4 personas con un desayunador. La cocina est\u00e1 equipada con microondas, pava el\u00e9ctrica y tostadora el\u00e9ctrica.<br>Tiene una habitaci\u00f3n con un somier matrimonial y un amplio placard de frente espejado. Tiene un televisor Androidde 32\u201d.<br>El departamento tiene una terraza semicubierta propia con una parrilla grande. El ba\u00f1o est\u00e1 totalmente equipado.<br>El departamento tiene Wi-Fi, Aplicaci\u00f3n Sensa y todos sus ambientes son luminosos.<br>Este departamento tiene estacionamiento cerrado y cubierto a 300 metros. Categor\u00eda Standard<\/p>\n\n\n\n<p>.<\/p>\n\n\n\n<p>Direcci\u00f3n Sarmiento 92 Viedma<\/p>\n\n\n\nngg_shortcode_0_placeholder\n","protected":false},"excerpt":{"rendered":"<p>Es un departamento tiene con capacidad m\u00e1xima de 4 personas. Est\u00e1 ubicado en una de las mas c\u00e9ntricas esquinas de la ciudad, Sarmiento y Saavedra. Est\u00e1 a 100 metros de la calle Buenos Aires (principal arteria de la ciudad) y a 200 metros de la costanera del rio Negro, principal paseo de la Comarca y [&hellip;]<\/p>\n","protected":false},"author":1,"featured_media":443,"comment_status":"closed","ping_status":"open","sticky":false,"template":"","format":"standard","meta":{"ngg_post_thumbnail":0,"footnotes":""},"categories":[2,36],"tags":[21],"post_folder":[],"class_list":{"0":"post-53","1":"post","2":"type-post","3":"status-publish","4":"format-standard","5":"has-post-thumbnail","7":"category-departamentos","8":"category-viedma","9":"tag-viedma","10":"czr-hentry"},"yoast_head":"<!-- This site is optimized with the Yoast SEO plugin v25.6 - https:\/\/yoast.com\/wordpress\/plugins\/seo\/ -->\n<title>Departamento San Mateo - Grupo Costanera<\/title>\n<meta name=\"robots\" content=\"index, follow, max-snippet:-1, max-image-preview:large, max-video-preview:-1\" \/>\n<link rel=\"canonical\" href=\"https:\/\/grupocostanera.com.ar\/index.php\/2024\/02\/25\/departamento-san-marcos\/\" \/>\n<meta property=\"og:locale\" content=\"es_ES\" \/>\n<meta property=\"og:type\" content=\"article\" \/>\n<meta property=\"og:title\" content=\"Departamento San Mateo - Grupo Costanera\" \/>\n<meta property=\"og:description\" content=\"Es un departamento tiene con capacidad m\u00e1xima de 4 personas. Est\u00e1 ubicado en una de las mas c\u00e9ntricas esquinas de la ciudad, Sarmiento y Saavedra. Est\u00e1 a 100 metros de la calle Buenos Aires (principal arteria de la ciudad) y a 200 metros de la costanera del rio Negro, principal paseo de la Comarca y [&hellip;]\" \/>\n<meta property=\"og:url\" content=\"https:\/\/grupocostanera.com.ar\/index.php\/2024\/02\/25\/departamento-san-marcos\/\" \/>\n<meta property=\"og:site_name\" content=\"Grupo Costanera\" \/>\n<meta property=\"article:published_time\" content=\"2024-02-25T22:17:26+00:00\" \/>\n<meta property=\"article:modified_time\" content=\"2024-09-14T01:09:52+00:00\" \/>\n<meta property=\"og:image\" content=\"https:\/\/grupocostanera.com.ar\/wp-content\/uploads\/2019\/06\/marcosmosaico.jpg\" \/>\n\t<meta property=\"og:image:width\" content=\"651\" \/>\n\t<meta property=\"og:image:height\" content=\"551\" \/>\n\t<meta property=\"og:image:type\" content=\"image\/jpeg\" \/>\n<meta name=\"author\" content=\"admin\" \/>\n<meta name=\"twitter:card\" content=\"summary_large_image\" \/>\n<meta name=\"twitter:label1\" content=\"Escrito por\" \/>\n\t<meta name=\"twitter:data1\" content=\"admin\" \/>\n\t<meta name=\"twitter:label2\" content=\"Tiempo de lectura\" \/>\n\t<meta name=\"twitter:data2\" content=\"2 minutos\" \/>\n<script type=\"application\/ld+json\" class=\"yoast-schema-graph\">{\"@context\":\"https:\/\/schema.org\",\"@graph\":[{\"@type\":\"Article\",\"@id\":\"https:\/\/grupocostanera.com.ar\/index.php\/2024\/02\/25\/departamento-san-marcos\/#article\",\"isPartOf\":{\"@id\":\"https:\/\/grupocostanera.com.ar\/index.php\/2024\/02\/25\/departamento-san-marcos\/\"},\"author\":{\"name\":\"admin\",\"@id\":\"https:\/\/grupocostanera.com.ar\/#\/schema\/person\/4176aaedefc9224ebaf1a01d348f653e\"},\"headline\":\"Departamento San Mateo\",\"datePublished\":\"2024-02-25T22:17:26+00:00\",\"dateModified\":\"2024-09-14T01:09:52+00:00\",\"mainEntityOfPage\":{\"@id\":\"https:\/\/grupocostanera.com.ar\/index.php\/2024\/02\/25\/departamento-san-marcos\/\"},\"wordCount\":235,\"publisher\":{\"@id\":\"https:\/\/grupocostanera.com.ar\/#organization\"},\"image\":{\"@id\":\"https:\/\/grupocostanera.com.ar\/index.php\/2024\/02\/25\/departamento-san-marcos\/#primaryimage\"},\"thumbnailUrl\":\"https:\/\/grupocostanera.com.ar\/wp-content\/uploads\/2019\/06\/marcosmosaico.jpg\",\"keywords\":[\"viedma\"],\"articleSection\":[\"Departamentos\",\"Viedma\"],\"inLanguage\":\"es\"},{\"@type\":\"WebPage\",\"@id\":\"https:\/\/grupocostanera.com.ar\/index.php\/2024\/02\/25\/departamento-san-marcos\/\",\"url\":\"https:\/\/grupocostanera.com.ar\/index.php\/2024\/02\/25\/departamento-san-marcos\/\",\"name\":\"Departamento San Mateo - Grupo Costanera\",\"isPartOf\":{\"@id\":\"https:\/\/grupocostanera.com.ar\/#website\"},\"primaryImageOfPage\":{\"@id\":\"https:\/\/grupocostanera.com.ar\/index.php\/2024\/02\/25\/departamento-san-marcos\/#primaryimage\"},\"image\":{\"@id\":\"https:\/\/grupocostanera.com.ar\/index.php\/2024\/02\/25\/departamento-san-marcos\/#primaryimage\"},\"thumbnailUrl\":\"https:\/\/grupocostanera.com.ar\/wp-content\/uploads\/2019\/06\/marcosmosaico.jpg\",\"datePublished\":\"2024-02-25T22:17:26+00:00\",\"dateModified\":\"2024-09-14T01:09:52+00:00\",\"breadcrumb\":{\"@id\":\"https:\/\/grupocostanera.com.ar\/index.php\/2024\/02\/25\/departamento-san-marcos\/#breadcrumb\"},\"inLanguage\":\"es\",\"potentialAction\":[{\"@type\":\"ReadAction\",\"target\":[\"https:\/\/grupocostanera.com.ar\/index.php\/2024\/02\/25\/departamento-san-marcos\/\"]}]},{\"@type\":\"ImageObject\",\"inLanguage\":\"es\",\"@id\":\"https:\/\/grupocostanera.com.ar\/index.php\/2024\/02\/25\/departamento-san-marcos\/#primaryimage\",\"url\":\"https:\/\/grupocostanera.com.ar\/wp-content\/uploads\/2019\/06\/marcosmosaico.jpg\",\"contentUrl\":\"https:\/\/grupocostanera.com.ar\/wp-content\/uploads\/2019\/06\/marcosmosaico.jpg\",\"width\":651,\"height\":551},{\"@type\":\"BreadcrumbList\",\"@id\":\"https:\/\/grupocostanera.com.ar\/index.php\/2024\/02\/25\/departamento-san-marcos\/#breadcrumb\",\"itemListElement\":[{\"@type\":\"ListItem\",\"position\":1,\"name\":\"Portada\",\"item\":\"https:\/\/grupocostanera.com.ar\/\"},{\"@type\":\"ListItem\",\"position\":2,\"name\":\"Departamento San Mateo\"}]},{\"@type\":\"WebSite\",\"@id\":\"https:\/\/grupocostanera.com.ar\/#website\",\"url\":\"https:\/\/grupocostanera.com.ar\/\",\"name\":\"Grupo Costanera\",\"description\":\"\",\"publisher\":{\"@id\":\"https:\/\/grupocostanera.com.ar\/#organization\"},\"potentialAction\":[{\"@type\":\"SearchAction\",\"target\":{\"@type\":\"EntryPoint\",\"urlTemplate\":\"https:\/\/grupocostanera.com.ar\/?s={search_term_string}\"},\"query-input\":{\"@type\":\"PropertyValueSpecification\",\"valueRequired\":true,\"valueName\":\"search_term_string\"}}],\"inLanguage\":\"es\"},{\"@type\":\"Organization\",\"@id\":\"https:\/\/grupocostanera.com.ar\/#organization\",\"name\":\"Grupo Costanera\",\"url\":\"https:\/\/grupocostanera.com.ar\/\",\"logo\":{\"@type\":\"ImageObject\",\"inLanguage\":\"es\",\"@id\":\"https:\/\/grupocostanera.com.ar\/#\/schema\/logo\/image\/\",\"url\":\"https:\/\/grupocostanera.com.ar\/wp-content\/uploads\/2020\/04\/cropped-lgoo-chico-ok.png\",\"contentUrl\":\"https:\/\/grupocostanera.com.ar\/wp-content\/uploads\/2020\/04\/cropped-lgoo-chico-ok.png\",\"width\":133,\"height\":65,\"caption\":\"Grupo Costanera\"},\"image\":{\"@id\":\"https:\/\/grupocostanera.com.ar\/#\/schema\/logo\/image\/\"}},{\"@type\":\"Person\",\"@id\":\"https:\/\/grupocostanera.com.ar\/#\/schema\/person\/4176aaedefc9224ebaf1a01d348f653e\",\"name\":\"admin\",\"image\":{\"@type\":\"ImageObject\",\"inLanguage\":\"es\",\"@id\":\"https:\/\/grupocostanera.com.ar\/#\/schema\/person\/image\/\",\"url\":\"https:\/\/secure.gravatar.com\/avatar\/e95f7ae2be77e41f32cf9180eb805cbc?s=96&d=mm&r=g\",\"contentUrl\":\"https:\/\/secure.gravatar.com\/avatar\/e95f7ae2be77e41f32cf9180eb805cbc?s=96&d=mm&r=g\",\"caption\":\"admin\"},\"url\":\"https:\/\/grupocostanera.com.ar\/index.php\/author\/admin\/\"}]}<\/script>\n<!-- \/ Yoast SEO plugin. -->","yoast_head_json":{"title":"Departamento San Mateo - Grupo Costanera","robots":{"index":"index","follow":"follow","max-snippet":"max-snippet:-1","max-image-preview":"max-image-preview:large","max-video-preview":"max-video-preview:-1"},"canonical":"https:\/\/grupocostanera.com.ar\/index.php\/2024\/02\/25\/departamento-san-marcos\/","og_locale":"es_ES","og_type":"article","og_title":"Departamento San Mateo - Grupo Costanera","og_description":"Es un departamento tiene con capacidad m\u00e1xima de 4 personas. Est\u00e1 ubicado en una de las mas c\u00e9ntricas esquinas de la ciudad, Sarmiento y Saavedra. Est\u00e1 a 100 metros de la calle Buenos Aires (principal arteria de la ciudad) y a 200 metros de la costanera del rio Negro, principal paseo de la Comarca y [&hellip;]","og_url":"https:\/\/grupocostanera.com.ar\/index.php\/2024\/02\/25\/departamento-san-marcos\/","og_site_name":"Grupo Costanera","article_published_time":"2024-02-25T22:17:26+00:00","article_modified_time":"2024-09-14T01:09:52+00:00","og_image":[{"width":651,"height":551,"url":"https:\/\/grupocostanera.com.ar\/wp-content\/uploads\/2019\/06\/marcosmosaico.jpg","type":"image\/jpeg"}],"author":"admin","twitter_card":"summary_large_image","twitter_misc":{"Escrito por":"admin","Tiempo de lectura":"2 minutos"},"schema":{"@context":"https:\/\/schema.org","@graph":[{"@type":"Article","@id":"https:\/\/grupocostanera.com.ar\/index.php\/2024\/02\/25\/departamento-san-marcos\/#article","isPartOf":{"@id":"https:\/\/grupocostanera.com.ar\/index.php\/2024\/02\/25\/departamento-san-marcos\/"},"author":{"name":"admin","@id":"https:\/\/grupocostanera.com.ar\/#\/schema\/person\/4176aaedefc9224ebaf1a01d348f653e"},"headline":"Departamento San Mateo","datePublished":"2024-02-25T22:17:26+00:00","dateModified":"2024-09-14T01:09:52+00:00","mainEntityOfPage":{"@id":"https:\/\/grupocostanera.com.ar\/index.php\/2024\/02\/25\/departamento-san-marcos\/"},"wordCount":235,"publisher":{"@id":"https:\/\/grupocostanera.com.ar\/#organization"},"image":{"@id":"https:\/\/grupocostanera.com.ar\/index.php\/2024\/02\/25\/departamento-san-marcos\/#primaryimage"},"thumbnailUrl":"https:\/\/grupocostanera.com.ar\/wp-content\/uploads\/2019\/06\/marcosmosaico.jpg","keywords":["viedma"],"articleSection":["Departamentos","Viedma"],"inLanguage":"es"},{"@type":"WebPage","@id":"https:\/\/grupocostanera.com.ar\/index.php\/2024\/02\/25\/departamento-san-marcos\/","url":"https:\/\/grupocostanera.com.ar\/index.php\/2024\/02\/25\/departamento-san-marcos\/","name":"Departamento San Mateo - Grupo Costanera","isPartOf":{"@id":"https:\/\/grupocostanera.com.ar\/#website"},"primaryImageOfPage":{"@id":"https:\/\/grupocostanera.com.ar\/index.php\/2024\/02\/25\/departamento-san-marcos\/#primaryimage"},"image":{"@id":"https:\/\/grupocostanera.com.ar\/index.php\/2024\/02\/25\/departamento-san-marcos\/#primaryimage"},"thumbnailUrl":"https:\/\/grupocostanera.com.ar\/wp-content\/uploads\/2019\/06\/marcosmosaico.jpg","datePublished":"2024-02-25T22:17:26+00:00","dateModified":"2024-09-14T01:09:52+00:00","breadcrumb":{"@id":"https:\/\/grupocostanera.com.ar\/index.php\/2024\/02\/25\/departamento-san-marcos\/#breadcrumb"},"inLanguage":"es","potentialAction":[{"@type":"ReadAction","target":["https:\/\/grupocostanera.com.ar\/index.php\/2024\/02\/25\/departamento-san-marcos\/"]}]},{"@type":"ImageObject","inLanguage":"es","@id":"https:\/\/grupocostanera.com.ar\/index.php\/2024\/02\/25\/departamento-san-marcos\/#primaryimage","url":"https:\/\/grupocostanera.com.ar\/wp-content\/uploads\/2019\/06\/marcosmosaico.jpg","contentUrl":"https:\/\/grupocostanera.com.ar\/wp-content\/uploads\/2019\/06\/marcosmosaico.jpg","width":651,"height":551},{"@type":"BreadcrumbList","@id":"https:\/\/grupocostanera.com.ar\/index.php\/2024\/02\/25\/departamento-san-marcos\/#breadcrumb","itemListElement":[{"@type":"ListItem","position":1,"name":"Portada","item":"https:\/\/grupocostanera.com.ar\/"},{"@type":"ListItem","position":2,"name":"Departamento San Mateo"}]},{"@type":"WebSite","@id":"https:\/\/grupocostanera.com.ar\/#website","url":"https:\/\/grupocostanera.com.ar\/","name":"Grupo Costanera","description":"","publisher":{"@id":"https:\/\/grupocostanera.com.ar\/#organization"},"potentialAction":[{"@type":"SearchAction","target":{"@type":"EntryPoint","urlTemplate":"https:\/\/grupocostanera.com.ar\/?s={search_term_string}"},"query-input":{"@type":"PropertyValueSpecification","valueRequired":true,"valueName":"search_term_string"}}],"inLanguage":"es"},{"@type":"Organization","@id":"https:\/\/grupocostanera.com.ar\/#organization","name":"Grupo Costanera","url":"https:\/\/grupocostanera.com.ar\/","logo":{"@type":"ImageObject","inLanguage":"es","@id":"https:\/\/grupocostanera.com.ar\/#\/schema\/logo\/image\/","url":"https:\/\/grupocostanera.com.ar\/wp-content\/uploads\/2020\/04\/cropped-lgoo-chico-ok.png","contentUrl":"https:\/\/grupocostanera.com.ar\/wp-content\/uploads\/2020\/04\/cropped-lgoo-chico-ok.png","width":133,"height":65,"caption":"Grupo Costanera"},"image":{"@id":"https:\/\/grupocostanera.com.ar\/#\/schema\/logo\/image\/"}},{"@type":"Person","@id":"https:\/\/grupocostanera.com.ar\/#\/schema\/person\/4176aaedefc9224ebaf1a01d348f653e","name":"admin","image":{"@type":"ImageObject","inLanguage":"es","@id":"https:\/\/grupocostanera.com.ar\/#\/schema\/person\/image\/","url":"https:\/\/secure.gravatar.com\/avatar\/e95f7ae2be77e41f32cf9180eb805cbc?s=96&d=mm&r=g","contentUrl":"https:\/\/secure.gravatar.com\/avatar\/e95f7ae2be77e41f32cf9180eb805cbc?s=96&d=mm&r=g","caption":"admin"},"url":"https:\/\/grupocostanera.com.ar\/index.php\/author\/admin\/"}]}},"_links":{"self":[{"href":"https:\/\/grupocostanera.com.ar\/index.php\/wp-json\/wp\/v2\/posts\/53"}],"collection":[{"href":"https:\/\/grupocostanera.com.ar\/index.php\/wp-json\/wp\/v2\/posts"}],"about":[{"href":"https:\/\/grupocostanera.com.ar\/index.php\/wp-json\/wp\/v2\/types\/post"}],"author":[{"embeddable":true,"href":"https:\/\/grupocostanera.com.ar\/index.php\/wp-json\/wp\/v2\/users\/1"}],"replies":[{"embeddable":true,"href":"https:\/\/grupocostanera.com.ar\/index.php\/wp-json\/wp\/v2\/comments?post=53"}],"version-history":[{"count":11,"href":"https:\/\/grupocostanera.com.ar\/index.php\/wp-json\/wp\/v2\/posts\/53\/revisions"}],"predecessor-version":[{"id":1437,"href":"https:\/\/grupocostanera.com.ar\/index.php\/wp-json\/wp\/v2\/posts\/53\/revisions\/1437"}],"wp:featuredmedia":[{"embeddable":true,"href":"https:\/\/grupocostanera.com.ar\/index.php\/wp-json\/wp\/v2\/media\/443"}],"wp:attachment":[{"href":"https:\/\/grupocostanera.com.ar\/index.php\/wp-json\/wp\/v2\/media?parent=53"}],"wp:term":[{"taxonomy":"category","embeddable":true,"href":"https:\/\/grupocostanera.com.ar\/index.php\/wp-json\/wp\/v2\/categories?post=53"},{"taxonomy":"post_tag","embeddable":true,"href":"https:\/\/grupocostanera.com.ar\/index.php\/wp-json\/wp\/v2\/tags?post=53"},{"taxonomy":"post_folder","embeddable":true,"href":"https:\/\/grupocostanera.com.ar\/index.php\/wp-json\/wp\/v2\/post_folder?post=53"}],"curies":[{"name":"wp","href":"https:\/\/api.w.org\/{rel}","templated":true}]}}