{"id":853,"date":"2019-07-15T00:31:05","date_gmt":"2019-07-15T03:31:05","guid":{"rendered":"https:\/\/grupocostanera.com.ar\/?p=853"},"modified":"2024-04-08T09:28:45","modified_gmt":"2024-04-08T12:28:45","slug":"historias-bajo-cero-los-trabajos-que-desafian-al-termometro-invernal","status":"publish","type":"post","link":"https:\/\/grupocostanera.com.ar\/index.php\/2019\/07\/15\/historias-bajo-cero-los-trabajos-que-desafian-al-termometro-invernal\/","title":{"rendered":"Historias bajo cero: los trabajos que desaf\u00edan al term\u00f3metro invernal"},"content":{"rendered":"\n<p> Temprano, cuando las temperaturas no perdonan, parece m\u00e1s dif\u00edcil encarar la jornada laboral, sobre todo si, como estas cinco personas, deben afrontar una tarea al aire libre. <\/p>\n\n\n\n<p>\u201cEn la mesa del pobre no habr\u00eda complejo, si sobrara galleta, \u00bfpa\u00b4que consejo? No se entienden razones por muy sensatas, cuando el fr\u00edo te yela y andas en pata\u201d, puntea Jos\u00e9 Larralde, en uno de sus recitados.<\/p>\n\n\n\n<p><br>Cincuenta a\u00f1os pasaron desde ese estreno, pero pocas cosas cambian cuando se habla de prioridades: hay que salir a buscar el sustento, aunque pegue el invierno.<\/p>\n\n\n\n<figure class=\"wp-block-image\"><img decoding=\"async\" src=\"https:\/\/www.rionegro.com.ar\/wp-content\/uploads\/2019\/07\/Imagen-Imagen-roca-bajo-cerocooperativa-1-d-10812842.jpg\" alt=\"\" class=\"wp-image-1038173\"\/><figcaption>Un fuego para calentarse mientras arranca el ritmo en el aserradero, sin la luz del sol todav\u00eda.<\/figcaption><\/figure>\n\n\n\n<p><br><strong>Por estos d\u00edas, en el Alto Valle, se reedit\u00f3 el ritual del doble par de medias y varias camperas.&nbsp;<\/strong><br>En las ma\u00f1anas, el term\u00f3metro cruza la l\u00ednea de los bajo cero cuando estos trabajadores se preparan para cumplir horario, en la oscuridad de la Patagonia que se tarda en amanecer.&nbsp;<br>La suya es una sensaci\u00f3n que muchos comparten, pero cobra un sentido distinto cuando cuando el puesto de trabajo es al aire libre.<\/p>\n\n\n\n<p><br><strong>Una placera, un canillita, el obrero de un aserradero, tambi\u00e9n un ayudante de alba\u00f1il y un gomero.&nbsp;<\/strong>En una vuelta que \u201cR\u00edo Negro\u201d dio por distintos barrios , ellos fueron los que se animaron a compartir su experiencia.<\/p>\n\n\n\n<p><strong>A pesar de todo<\/strong><\/p>\n\n\n\n<p>\u00bfQui\u00e9n quiere trabajar en medio del fr\u00edo? No se trata de querer, eso se vuelve obvio en sus respuestas. Pero tampoco se miran con ojos de sensibler\u00eda.<\/p>\n\n\n\n<figure class=\"wp-block-image\"><img decoding=\"async\" src=\"https:\/\/www.rionegro.com.ar\/wp-content\/uploads\/2019\/07\/Imagen-roca-bajo-cero-mirta-tremolar.jpg\" alt=\"\" class=\"wp-image-1038177\"\/><figcaption>Mirta recoge las hojas que cada tarde caen con el viento local.<\/figcaption><\/figure>\n\n\n\n<p><br>\u201cEs nuestro trabajo, nuestro deber, el sustento nuestro de todos los d\u00edas, as\u00ed que tenemos que salir adelante, no hay otra\u201d, se determina&nbsp;<strong>Mirta Tremolar<\/strong>, de 54 a\u00f1os, mientras apaga el calor del cigarrillo que la acompa\u00f1\u00f3 cuando sacaba el rastrillo del dep\u00f3sito.<\/p>\n\n\n\n<blockquote class=\"wp-block-quote is-layout-flow wp-block-quote-is-layout-flow\"><p><\/p><p>\u201cYa estoy acostumbrada a todas las estaciones. El invierno es bravo, pero en primavera y verano es hermoso este trabajo\u201d<\/p><cite><strong>Mirta Tremolar. Tiene 54 a\u00f1os y se ocupa de las plazas del Canalito.<\/strong><\/cite><\/blockquote>\n\n\n\n<p><br>En una de las plazoletas del Canalito, cuenta que como mujer se adapt\u00f3 bien al puesto, en el que lleva a\u00f1os. Llega en moto al obrador y despu\u00e9s se mueve sin miedo a estar sola, a\u00fan cuando todav\u00eda no sale el sol.<\/p>\n\n\n\n<p><br>\u201cYa estoy acostumbrada a todas las estaciones. El invierno es la m\u00e1s brava, pero en primavera y verano es hermoso hacer este trabajo\u201d, reconoce.&nbsp;<br><\/p>\n\n\n\n<figure class=\"wp-block-image\"><img decoding=\"async\" src=\"https:\/\/www.rionegro.com.ar\/wp-content\/uploads\/2019\/07\/Imagen-Imagen-roca-bajo-cero-jos%C3%A9-ortega.jpg\" alt=\"\" class=\"wp-image-1038178\"\/><figcaption>Jos\u00e9 Ortega lleva 20 a\u00f1os como canillita. Siempre temprano, con las noticias a cuesta.<\/figcaption><\/figure>\n\n\n\n<p>Acompa\u00f1ado por su bicicleta,<strong>&nbsp;Jos\u00e9 Ortega, de 44 a\u00f1os,<\/strong>&nbsp;ve los autos pasar, sentado en el pared\u00f3n junto a la v\u00eda, sobre calle Don Bosco.<\/p>\n\n\n\n<p><br>De pronto, un toque de bocina lo pone de pie, y se acelera para llegar al cord\u00f3n, diario en mano. As\u00ed transcurren sus ma\u00f1anas desde las 6, cuando pasa por la distribuidora, a buscar los ejemplares del d\u00eda.<\/p>\n\n\n\n<p><br>Lleva 20 a\u00f1os como canillita, en los que las heladas lo curtieron. M\u00e1s complicaciones le traen las lluvias, pero sigue. Esperaba, sereno, el vapor del caf\u00e9 que le acerca todos los d\u00edas un vendedor ambulante.<\/p>\n\n\n\n<figure class=\"wp-block-image\"><a href=\"https:\/\/www.rionegro.com.ar\/quien-era-ian-schwer-el-escalador-barilochense-que-fallecio-en-peru-1038013\/\"><img decoding=\"async\" src=\"https:\/\/www.rionegro.com.ar\/wp-content\/uploads\/2019\/07\/10387146_686979688051698_4230033891608022811_o-e1563143465156.jpg?w=900\" alt=\"\"\/><\/a><\/figure>\n\n\n\n<p><strong>LEE TAMBI\u00c9N<\/strong><\/p>\n\n\n\n<h2 class=\"wp-block-heading\">Qui\u00e9n era Ian Schwer, el escalador de Bariloche que falleci\u00f3 en Per\u00fa<\/h2>\n\n\n\n<p><br>Sobre ruta 65, en la salida por calle Alsina,&nbsp;<strong>Omar Carrasco<\/strong>&nbsp;se acerca a saludar, sacudi\u00e9ndose el aserr\u00edn que los cajones salpicaron en su abrigo de buzo.&nbsp;<br>Es el presidente de la Cooperativa 1\u00b0 de Mayo, pero no sale de una oficina, sino desde atr\u00e1s de las m\u00e1quinas, donde clava maderas junto al resto. En medio, arden los troncos que encendieron dentro de un tambor y la llama naranja matiza, al menos, algo de la ma\u00f1ana nublada.<\/p>\n\n\n\n<blockquote class=\"wp-block-quote is-layout-flow wp-block-quote-is-layout-flow\"><p><\/p><p>\u201cAl fr\u00edo lo apa\u00f1as con ropa, pero la crisis, \u00bfcon qu\u00e9 la apa\u00f1as? Si no hay trabajo, m\u00e1s en el invierno que baja todo, \u00bfc\u00f3mo haces?\u201d<\/p><cite><strong>Omar Carrasco, presidente de la Cooperativa 1\u00b0 de Mayo.<\/strong><\/cite><\/blockquote>\n\n\n\n<p><br>\u201cTenemos barro, tenemos agua, pero tenemos que trabajar igual, porque si no lo generamos nosotros, no tenemos nada de nadie\u201d, dijo con franqueza.<br>Hasta el aserradero llegan todos los d\u00edas 3 \u00f3 4 desocupados buscando vacantes, pero no hay. Las facturas de luz e insumos los espantan y la falta de clientes que paguen al contado los obligan a ponerse firmes a la hora de una venta.<\/p>\n\n\n\n<figure class=\"wp-block-image\"><a href=\"https:\/\/www.rionegro.com.ar\/son-italianos-vinieron-a-vivir-a-roca-y-todos-les-preguntan-por-que-1036608\/\"><img decoding=\"async\" src=\"https:\/\/www.rionegro.com.ar\/wp-content\/uploads\/2019\/07\/1-8.jpg?w=900\" alt=\"\"\/><\/a><\/figure>\n\n\n\n<p><strong>LEE TAMBI\u00c9N<\/strong><\/p>\n\n\n\n<h2 class=\"wp-block-heading\">Son italianos, vinieron a vivir a Roca y todos les preguntan por qu\u00e9<\/h2>\n\n\n\n<p><br>Frente a ese panorama, m\u00e1s que el fr\u00edo, les preocupa la crisis. \u201cAl fr\u00edo lo apa\u00f1as con ropa, pero la crisis, \u00bfcon qu\u00e9 la apa\u00f1as? Si no hay trabajo, m\u00e1s en el invierno que baja todo, \u00bfc\u00f3mo haces?\u201d, se indigna Omar. El ideal para \u00e9l y sus compa\u00f1eros ser\u00eda que bajen los gastos fijos, de lo contrario, \u201cest\u00e1n matando a todas las empresas recuperadas\u201d.<\/p>\n\n\n\n<p><br>Mientras tanto, al fr\u00edo lo enfrentan con doble campera, guantes y alguna docena de tortas fritas que les pasa a vender otro vecino. Alguno que est\u00e1 como ellos, rebusc\u00e1ndosela para el pan de cada d\u00eda.<\/p>\n\n\n\n<figure class=\"wp-block-image\"><img decoding=\"async\" src=\"https:\/\/www.rionegro.com.ar\/wp-content\/uploads\/2019\/07\/Imagen-Imagen-roca-bajo-cero-emanuel-guerre-10812848.jpg\" alt=\"\" class=\"wp-image-1038174\"\/><figcaption>Emanuel Guerrero en su primer d\u00eda de trabajo como alba\u00f1il. Pese al fr\u00edo, agradece la oportunidad.<\/figcaption><\/figure>\n\n\n\n<p><br>Un abismo separa a&nbsp;<strong>Emanuel Guerrero y a Claudio Poblete<\/strong>&nbsp;en cuanto a la experiencia.&nbsp;<br><strong>El primero entraba en calor en su primer d\u00eda como ayudante de alba\u00f1il.&nbsp;<\/strong>Con 27 a\u00f1os y gorra skater, lo primero que menciona es su agradecimiento a Dios porque ese trabajo, \u201cpor precario que sea, representa un paso m\u00e1s en el proceso de recuperar mi vida, salir de la droga, aportar en su casa\u201d.<\/p>\n\n\n\n<blockquote class=\"wp-block-quote is-layout-flow wp-block-quote-is-layout-flow\"><p><\/p><p>\u201cHay que darle gracias a Dios por otro d\u00eda mas de vida, de salud, y de trabajo. Le di gracias a Dios y vine cantando alabanzas\u201d.<\/p><cite><strong>Emanuel Guerrero, en su primer d\u00eda de trabajo de alba\u00f1il.<\/strong><\/cite><\/blockquote>\n\n\n\n<p><br>Al menos en esas 24 horas que se dispon\u00eda a atravesar, ya estaba mejor que algunos de sus amigos en Villa Obrera, donde sab\u00eda que al menos uno pas\u00f3 la noche g\u00e9lida en una pieza de chapa.<\/p>\n\n\n\n<p><br>All\u00ed todo era barro, pero tuvo que salir caminando, por el costado de la Ruta 65, hasta la obra donde lo contrataron en G\u00f3mez.&nbsp;<br>En ese trayecto casi lo atropella una automovilista, que no lo vio, por la oscuridad de la ma\u00f1ana. Pero \u00e9l lleg\u00f3 cantando alabanzas.<\/p>\n\n\n\n<figure class=\"wp-block-image\"><img decoding=\"async\" src=\"https:\/\/www.rionegro.com.ar\/wp-content\/uploads\/2019\/07\/Imagen-Imagen-roca-bajo-cero-claudio-poblet-10812854-1.jpg\" alt=\"\" class=\"wp-image-1038180\"\/><figcaption>Claudio no se queja del madrug\u00f3n fr\u00edo. La gomer\u00eda le permiti\u00f3 pagarle la universidad a su hijo.<\/figcaption><\/figure>\n\n\n\n<p><br><strong>Claudio&nbsp;<\/strong>sonr\u00ede ante el micr\u00f3fono en su gomer\u00eda, la que lo ayud\u00f3 a sostener a su familia de tres, por varias d\u00e9cadas. Gracias a eso logr\u00f3 mandar a su \u00fanico hijo a la universidad.<\/p>\n\n\n\n<blockquote class=\"wp-block-quote is-layout-flow wp-block-quote-is-layout-flow\"><p><\/p><p>\u201cHay que aguantar; son a\u00f1os. Te vas acostumbrando a que el invierno es as\u00ed, la gente la pasa mal, pero bueno, hay que ponerle onda\u201d<\/p><cite><strong>Claudio, due\u00f1o de una gomer\u00eda que arranca temprano.<\/strong><\/cite><\/blockquote>\n\n\n\n<p><br>Conf\u00eda ese detalle con orgullo en sus ojos, el mismo que se lee cuando se define como nacido y criado en ese punto de la ciudad.&nbsp;<br><strong>Su a\u00f1o se divide entre los din\u00e1micos meses de temporada frut\u00edcola y los que no lo son. Le preocupa la crisis y c\u00f3mo \u00e9sta lo obliga a \u201cachicar\u201d cada vez m\u00e1s su billetera.<\/strong><\/p>\n\n\n\n<p><br>Pero si de algo sabe el laburante es de resistencia. \u201cHay que aguantar; son a\u00f1os. Te vas acostumbrando a que el invierno es as\u00ed, la gente la pasa mal, pero bueno, hay que ponerle onda\u201d, se despide.<\/p>\n","protected":false},"excerpt":{"rendered":"<p>Temprano, cuando las temperaturas no perdonan, parece m\u00e1s dif\u00edcil encarar la jornada laboral, sobre todo si, como estas cinco personas, deben afrontar una tarea al aire libre. \u201cEn la mesa del pobre no habr\u00eda complejo, si sobrara galleta, \u00bfpa\u00b4que consejo? No se entienden razones por muy sensatas, cuando el fr\u00edo te yela y andas en [&hellip;]<\/p>\n","protected":false},"author":1,"featured_media":854,"comment_status":"closed","ping_status":"open","sticky":false,"template":"","format":"standard","meta":{"ngg_post_thumbnail":0,"footnotes":""},"categories":[25],"tags":[30,31,32,33,26,27,28,29],"post_folder":[],"class_list":{"0":"post-853","1":"post","2":"type-post","3":"status-publish","4":"format-standard","5":"has-post-thumbnail","7":"category-novedades","8":"tag-rio-negro","9":"tag-trabajo","10":"tag-diario","11":"tag-grupo-costanera","12":"tag-general-roca","13":"tag-historias-de-vida","14":"tag-invierno","15":"tag-personajes","16":"czr-hentry"},"yoast_head":"<!-- This site is optimized with the Yoast SEO plugin v25.6 - https:\/\/yoast.com\/wordpress\/plugins\/seo\/ -->\n<title>Historias bajo cero: los trabajos que desaf\u00edan al term\u00f3metro invernal - Grupo Costanera<\/title>\n<meta name=\"robots\" content=\"index, follow, max-snippet:-1, max-image-preview:large, max-video-preview:-1\" \/>\n<link rel=\"canonical\" href=\"https:\/\/grupocostanera.com.ar\/index.php\/2019\/07\/15\/historias-bajo-cero-los-trabajos-que-desafian-al-termometro-invernal\/\" \/>\n<meta property=\"og:locale\" content=\"es_ES\" \/>\n<meta property=\"og:type\" content=\"article\" \/>\n<meta property=\"og:title\" content=\"Historias bajo cero: los trabajos que desaf\u00edan al term\u00f3metro invernal - Grupo Costanera\" \/>\n<meta property=\"og:description\" content=\"Temprano, cuando las temperaturas no perdonan, parece m\u00e1s dif\u00edcil encarar la jornada laboral, sobre todo si, como estas cinco personas, deben afrontar una tarea al aire libre. \u201cEn la mesa del pobre no habr\u00eda complejo, si sobrara galleta, \u00bfpa\u00b4que consejo? No se entienden razones por muy sensatas, cuando el fr\u00edo te yela y andas en [&hellip;]\" \/>\n<meta property=\"og:url\" content=\"https:\/\/grupocostanera.com.ar\/index.php\/2019\/07\/15\/historias-bajo-cero-los-trabajos-que-desafian-al-termometro-invernal\/\" \/>\n<meta property=\"og:site_name\" content=\"Grupo Costanera\" \/>\n<meta property=\"article:published_time\" content=\"2019-07-15T03:31:05+00:00\" \/>\n<meta property=\"article:modified_time\" content=\"2024-04-08T12:28:45+00:00\" \/>\n<meta property=\"og:image\" content=\"https:\/\/grupocostanera.com.ar\/wp-content\/uploads\/2019\/07\/Imagen-Imagen-roca-bajo-cerocooperativa-1-d-10812842-1024x683.jpg\" \/>\n\t<meta property=\"og:image:width\" content=\"1024\" \/>\n\t<meta property=\"og:image:height\" content=\"683\" \/>\n\t<meta property=\"og:image:type\" content=\"image\/jpeg\" \/>\n<meta name=\"author\" content=\"admin\" \/>\n<meta name=\"twitter:card\" content=\"summary_large_image\" \/>\n<meta name=\"twitter:label1\" content=\"Escrito por\" \/>\n\t<meta name=\"twitter:data1\" content=\"admin\" \/>\n\t<meta name=\"twitter:label2\" content=\"Tiempo de lectura\" \/>\n\t<meta name=\"twitter:data2\" content=\"7 minutos\" \/>\n<script type=\"application\/ld+json\" class=\"yoast-schema-graph\">{\"@context\":\"https:\/\/schema.org\",\"@graph\":[{\"@type\":\"Article\",\"@id\":\"https:\/\/grupocostanera.com.ar\/index.php\/2019\/07\/15\/historias-bajo-cero-los-trabajos-que-desafian-al-termometro-invernal\/#article\",\"isPartOf\":{\"@id\":\"https:\/\/grupocostanera.com.ar\/index.php\/2019\/07\/15\/historias-bajo-cero-los-trabajos-que-desafian-al-termometro-invernal\/\"},\"author\":{\"name\":\"admin\",\"@id\":\"https:\/\/grupocostanera.com.ar\/#\/schema\/person\/4176aaedefc9224ebaf1a01d348f653e\"},\"headline\":\"Historias bajo cero: los trabajos que desaf\u00edan al term\u00f3metro invernal\",\"datePublished\":\"2019-07-15T03:31:05+00:00\",\"dateModified\":\"2024-04-08T12:28:45+00:00\",\"mainEntityOfPage\":{\"@id\":\"https:\/\/grupocostanera.com.ar\/index.php\/2019\/07\/15\/historias-bajo-cero-los-trabajos-que-desafian-al-termometro-invernal\/\"},\"wordCount\":1317,\"publisher\":{\"@id\":\"https:\/\/grupocostanera.com.ar\/#organization\"},\"image\":{\"@id\":\"https:\/\/grupocostanera.com.ar\/index.php\/2019\/07\/15\/historias-bajo-cero-los-trabajos-que-desafian-al-termometro-invernal\/#primaryimage\"},\"thumbnailUrl\":\"https:\/\/grupocostanera.com.ar\/wp-content\/uploads\/2019\/07\/Imagen-Imagen-roca-bajo-cerocooperativa-1-d-10812842.jpg\",\"keywords\":[\"rio negro\",\"trabajo\",\"diario\",\"grupo costanera\",\"general roca\",\"historias de vida\",\"invierno\",\"personajes\"],\"articleSection\":[\"Novedades\"],\"inLanguage\":\"es\"},{\"@type\":\"WebPage\",\"@id\":\"https:\/\/grupocostanera.com.ar\/index.php\/2019\/07\/15\/historias-bajo-cero-los-trabajos-que-desafian-al-termometro-invernal\/\",\"url\":\"https:\/\/grupocostanera.com.ar\/index.php\/2019\/07\/15\/historias-bajo-cero-los-trabajos-que-desafian-al-termometro-invernal\/\",\"name\":\"Historias bajo cero: los trabajos que desaf\u00edan al term\u00f3metro invernal - Grupo Costanera\",\"isPartOf\":{\"@id\":\"https:\/\/grupocostanera.com.ar\/#website\"},\"primaryImageOfPage\":{\"@id\":\"https:\/\/grupocostanera.com.ar\/index.php\/2019\/07\/15\/historias-bajo-cero-los-trabajos-que-desafian-al-termometro-invernal\/#primaryimage\"},\"image\":{\"@id\":\"https:\/\/grupocostanera.com.ar\/index.php\/2019\/07\/15\/historias-bajo-cero-los-trabajos-que-desafian-al-termometro-invernal\/#primaryimage\"},\"thumbnailUrl\":\"https:\/\/grupocostanera.com.ar\/wp-content\/uploads\/2019\/07\/Imagen-Imagen-roca-bajo-cerocooperativa-1-d-10812842.jpg\",\"datePublished\":\"2019-07-15T03:31:05+00:00\",\"dateModified\":\"2024-04-08T12:28:45+00:00\",\"breadcrumb\":{\"@id\":\"https:\/\/grupocostanera.com.ar\/index.php\/2019\/07\/15\/historias-bajo-cero-los-trabajos-que-desafian-al-termometro-invernal\/#breadcrumb\"},\"inLanguage\":\"es\",\"potentialAction\":[{\"@type\":\"ReadAction\",\"target\":[\"https:\/\/grupocostanera.com.ar\/index.php\/2019\/07\/15\/historias-bajo-cero-los-trabajos-que-desafian-al-termometro-invernal\/\"]}]},{\"@type\":\"ImageObject\",\"inLanguage\":\"es\",\"@id\":\"https:\/\/grupocostanera.com.ar\/index.php\/2019\/07\/15\/historias-bajo-cero-los-trabajos-que-desafian-al-termometro-invernal\/#primaryimage\",\"url\":\"https:\/\/grupocostanera.com.ar\/wp-content\/uploads\/2019\/07\/Imagen-Imagen-roca-bajo-cerocooperativa-1-d-10812842.jpg\",\"contentUrl\":\"https:\/\/grupocostanera.com.ar\/wp-content\/uploads\/2019\/07\/Imagen-Imagen-roca-bajo-cerocooperativa-1-d-10812842.jpg\",\"width\":2953,\"height\":1969},{\"@type\":\"BreadcrumbList\",\"@id\":\"https:\/\/grupocostanera.com.ar\/index.php\/2019\/07\/15\/historias-bajo-cero-los-trabajos-que-desafian-al-termometro-invernal\/#breadcrumb\",\"itemListElement\":[{\"@type\":\"ListItem\",\"position\":1,\"name\":\"Portada\",\"item\":\"https:\/\/grupocostanera.com.ar\/\"},{\"@type\":\"ListItem\",\"position\":2,\"name\":\"Historias bajo cero: los trabajos que desaf\u00edan al term\u00f3metro invernal\"}]},{\"@type\":\"WebSite\",\"@id\":\"https:\/\/grupocostanera.com.ar\/#website\",\"url\":\"https:\/\/grupocostanera.com.ar\/\",\"name\":\"Grupo Costanera\",\"description\":\"\",\"publisher\":{\"@id\":\"https:\/\/grupocostanera.com.ar\/#organization\"},\"potentialAction\":[{\"@type\":\"SearchAction\",\"target\":{\"@type\":\"EntryPoint\",\"urlTemplate\":\"https:\/\/grupocostanera.com.ar\/?s={search_term_string}\"},\"query-input\":{\"@type\":\"PropertyValueSpecification\",\"valueRequired\":true,\"valueName\":\"search_term_string\"}}],\"inLanguage\":\"es\"},{\"@type\":\"Organization\",\"@id\":\"https:\/\/grupocostanera.com.ar\/#organization\",\"name\":\"Grupo Costanera\",\"url\":\"https:\/\/grupocostanera.com.ar\/\",\"logo\":{\"@type\":\"ImageObject\",\"inLanguage\":\"es\",\"@id\":\"https:\/\/grupocostanera.com.ar\/#\/schema\/logo\/image\/\",\"url\":\"https:\/\/grupocostanera.com.ar\/wp-content\/uploads\/2020\/04\/cropped-lgoo-chico-ok.png\",\"contentUrl\":\"https:\/\/grupocostanera.com.ar\/wp-content\/uploads\/2020\/04\/cropped-lgoo-chico-ok.png\",\"width\":133,\"height\":65,\"caption\":\"Grupo Costanera\"},\"image\":{\"@id\":\"https:\/\/grupocostanera.com.ar\/#\/schema\/logo\/image\/\"}},{\"@type\":\"Person\",\"@id\":\"https:\/\/grupocostanera.com.ar\/#\/schema\/person\/4176aaedefc9224ebaf1a01d348f653e\",\"name\":\"admin\",\"image\":{\"@type\":\"ImageObject\",\"inLanguage\":\"es\",\"@id\":\"https:\/\/grupocostanera.com.ar\/#\/schema\/person\/image\/\",\"url\":\"https:\/\/secure.gravatar.com\/avatar\/e95f7ae2be77e41f32cf9180eb805cbc?s=96&d=mm&r=g\",\"contentUrl\":\"https:\/\/secure.gravatar.com\/avatar\/e95f7ae2be77e41f32cf9180eb805cbc?s=96&d=mm&r=g\",\"caption\":\"admin\"},\"url\":\"https:\/\/grupocostanera.com.ar\/index.php\/author\/admin\/\"}]}<\/script>\n<!-- \/ Yoast SEO plugin. -->","yoast_head_json":{"title":"Historias bajo cero: los trabajos que desaf\u00edan al term\u00f3metro invernal - Grupo Costanera","robots":{"index":"index","follow":"follow","max-snippet":"max-snippet:-1","max-image-preview":"max-image-preview:large","max-video-preview":"max-video-preview:-1"},"canonical":"https:\/\/grupocostanera.com.ar\/index.php\/2019\/07\/15\/historias-bajo-cero-los-trabajos-que-desafian-al-termometro-invernal\/","og_locale":"es_ES","og_type":"article","og_title":"Historias bajo cero: los trabajos que desaf\u00edan al term\u00f3metro invernal - Grupo Costanera","og_description":"Temprano, cuando las temperaturas no perdonan, parece m\u00e1s dif\u00edcil encarar la jornada laboral, sobre todo si, como estas cinco personas, deben afrontar una tarea al aire libre. \u201cEn la mesa del pobre no habr\u00eda complejo, si sobrara galleta, \u00bfpa\u00b4que consejo? No se entienden razones por muy sensatas, cuando el fr\u00edo te yela y andas en [&hellip;]","og_url":"https:\/\/grupocostanera.com.ar\/index.php\/2019\/07\/15\/historias-bajo-cero-los-trabajos-que-desafian-al-termometro-invernal\/","og_site_name":"Grupo Costanera","article_published_time":"2019-07-15T03:31:05+00:00","article_modified_time":"2024-04-08T12:28:45+00:00","og_image":[{"width":1024,"height":683,"url":"https:\/\/grupocostanera.com.ar\/wp-content\/uploads\/2019\/07\/Imagen-Imagen-roca-bajo-cerocooperativa-1-d-10812842-1024x683.jpg","type":"image\/jpeg"}],"author":"admin","twitter_card":"summary_large_image","twitter_misc":{"Escrito por":"admin","Tiempo de lectura":"7 minutos"},"schema":{"@context":"https:\/\/schema.org","@graph":[{"@type":"Article","@id":"https:\/\/grupocostanera.com.ar\/index.php\/2019\/07\/15\/historias-bajo-cero-los-trabajos-que-desafian-al-termometro-invernal\/#article","isPartOf":{"@id":"https:\/\/grupocostanera.com.ar\/index.php\/2019\/07\/15\/historias-bajo-cero-los-trabajos-que-desafian-al-termometro-invernal\/"},"author":{"name":"admin","@id":"https:\/\/grupocostanera.com.ar\/#\/schema\/person\/4176aaedefc9224ebaf1a01d348f653e"},"headline":"Historias bajo cero: los trabajos que desaf\u00edan al term\u00f3metro invernal","datePublished":"2019-07-15T03:31:05+00:00","dateModified":"2024-04-08T12:28:45+00:00","mainEntityOfPage":{"@id":"https:\/\/grupocostanera.com.ar\/index.php\/2019\/07\/15\/historias-bajo-cero-los-trabajos-que-desafian-al-termometro-invernal\/"},"wordCount":1317,"publisher":{"@id":"https:\/\/grupocostanera.com.ar\/#organization"},"image":{"@id":"https:\/\/grupocostanera.com.ar\/index.php\/2019\/07\/15\/historias-bajo-cero-los-trabajos-que-desafian-al-termometro-invernal\/#primaryimage"},"thumbnailUrl":"https:\/\/grupocostanera.com.ar\/wp-content\/uploads\/2019\/07\/Imagen-Imagen-roca-bajo-cerocooperativa-1-d-10812842.jpg","keywords":["rio negro","trabajo","diario","grupo costanera","general roca","historias de vida","invierno","personajes"],"articleSection":["Novedades"],"inLanguage":"es"},{"@type":"WebPage","@id":"https:\/\/grupocostanera.com.ar\/index.php\/2019\/07\/15\/historias-bajo-cero-los-trabajos-que-desafian-al-termometro-invernal\/","url":"https:\/\/grupocostanera.com.ar\/index.php\/2019\/07\/15\/historias-bajo-cero-los-trabajos-que-desafian-al-termometro-invernal\/","name":"Historias bajo cero: los trabajos que desaf\u00edan al term\u00f3metro invernal - Grupo Costanera","isPartOf":{"@id":"https:\/\/grupocostanera.com.ar\/#website"},"primaryImageOfPage":{"@id":"https:\/\/grupocostanera.com.ar\/index.php\/2019\/07\/15\/historias-bajo-cero-los-trabajos-que-desafian-al-termometro-invernal\/#primaryimage"},"image":{"@id":"https:\/\/grupocostanera.com.ar\/index.php\/2019\/07\/15\/historias-bajo-cero-los-trabajos-que-desafian-al-termometro-invernal\/#primaryimage"},"thumbnailUrl":"https:\/\/grupocostanera.com.ar\/wp-content\/uploads\/2019\/07\/Imagen-Imagen-roca-bajo-cerocooperativa-1-d-10812842.jpg","datePublished":"2019-07-15T03:31:05+00:00","dateModified":"2024-04-08T12:28:45+00:00","breadcrumb":{"@id":"https:\/\/grupocostanera.com.ar\/index.php\/2019\/07\/15\/historias-bajo-cero-los-trabajos-que-desafian-al-termometro-invernal\/#breadcrumb"},"inLanguage":"es","potentialAction":[{"@type":"ReadAction","target":["https:\/\/grupocostanera.com.ar\/index.php\/2019\/07\/15\/historias-bajo-cero-los-trabajos-que-desafian-al-termometro-invernal\/"]}]},{"@type":"ImageObject","inLanguage":"es","@id":"https:\/\/grupocostanera.com.ar\/index.php\/2019\/07\/15\/historias-bajo-cero-los-trabajos-que-desafian-al-termometro-invernal\/#primaryimage","url":"https:\/\/grupocostanera.com.ar\/wp-content\/uploads\/2019\/07\/Imagen-Imagen-roca-bajo-cerocooperativa-1-d-10812842.jpg","contentUrl":"https:\/\/grupocostanera.com.ar\/wp-content\/uploads\/2019\/07\/Imagen-Imagen-roca-bajo-cerocooperativa-1-d-10812842.jpg","width":2953,"height":1969},{"@type":"BreadcrumbList","@id":"https:\/\/grupocostanera.com.ar\/index.php\/2019\/07\/15\/historias-bajo-cero-los-trabajos-que-desafian-al-termometro-invernal\/#breadcrumb","itemListElement":[{"@type":"ListItem","position":1,"name":"Portada","item":"https:\/\/grupocostanera.com.ar\/"},{"@type":"ListItem","position":2,"name":"Historias bajo cero: los trabajos que desaf\u00edan al term\u00f3metro invernal"}]},{"@type":"WebSite","@id":"https:\/\/grupocostanera.com.ar\/#website","url":"https:\/\/grupocostanera.com.ar\/","name":"Grupo Costanera","description":"","publisher":{"@id":"https:\/\/grupocostanera.com.ar\/#organization"},"potentialAction":[{"@type":"SearchAction","target":{"@type":"EntryPoint","urlTemplate":"https:\/\/grupocostanera.com.ar\/?s={search_term_string}"},"query-input":{"@type":"PropertyValueSpecification","valueRequired":true,"valueName":"search_term_string"}}],"inLanguage":"es"},{"@type":"Organization","@id":"https:\/\/grupocostanera.com.ar\/#organization","name":"Grupo Costanera","url":"https:\/\/grupocostanera.com.ar\/","logo":{"@type":"ImageObject","inLanguage":"es","@id":"https:\/\/grupocostanera.com.ar\/#\/schema\/logo\/image\/","url":"https:\/\/grupocostanera.com.ar\/wp-content\/uploads\/2020\/04\/cropped-lgoo-chico-ok.png","contentUrl":"https:\/\/grupocostanera.com.ar\/wp-content\/uploads\/2020\/04\/cropped-lgoo-chico-ok.png","width":133,"height":65,"caption":"Grupo Costanera"},"image":{"@id":"https:\/\/grupocostanera.com.ar\/#\/schema\/logo\/image\/"}},{"@type":"Person","@id":"https:\/\/grupocostanera.com.ar\/#\/schema\/person\/4176aaedefc9224ebaf1a01d348f653e","name":"admin","image":{"@type":"ImageObject","inLanguage":"es","@id":"https:\/\/grupocostanera.com.ar\/#\/schema\/person\/image\/","url":"https:\/\/secure.gravatar.com\/avatar\/e95f7ae2be77e41f32cf9180eb805cbc?s=96&d=mm&r=g","contentUrl":"https:\/\/secure.gravatar.com\/avatar\/e95f7ae2be77e41f32cf9180eb805cbc?s=96&d=mm&r=g","caption":"admin"},"url":"https:\/\/grupocostanera.com.ar\/index.php\/author\/admin\/"}]}},"_links":{"self":[{"href":"https:\/\/grupocostanera.com.ar\/index.php\/wp-json\/wp\/v2\/posts\/853"}],"collection":[{"href":"https:\/\/grupocostanera.com.ar\/index.php\/wp-json\/wp\/v2\/posts"}],"about":[{"href":"https:\/\/grupocostanera.com.ar\/index.php\/wp-json\/wp\/v2\/types\/post"}],"author":[{"embeddable":true,"href":"https:\/\/grupocostanera.com.ar\/index.php\/wp-json\/wp\/v2\/users\/1"}],"replies":[{"embeddable":true,"href":"https:\/\/grupocostanera.com.ar\/index.php\/wp-json\/wp\/v2\/comments?post=853"}],"version-history":[{"count":1,"href":"https:\/\/grupocostanera.com.ar\/index.php\/wp-json\/wp\/v2\/posts\/853\/revisions"}],"predecessor-version":[{"id":855,"href":"https:\/\/grupocostanera.com.ar\/index.php\/wp-json\/wp\/v2\/posts\/853\/revisions\/855"}],"wp:featuredmedia":[{"embeddable":true,"href":"https:\/\/grupocostanera.com.ar\/index.php\/wp-json\/wp\/v2\/media\/854"}],"wp:attachment":[{"href":"https:\/\/grupocostanera.com.ar\/index.php\/wp-json\/wp\/v2\/media?parent=853"}],"wp:term":[{"taxonomy":"category","embeddable":true,"href":"https:\/\/grupocostanera.com.ar\/index.php\/wp-json\/wp\/v2\/categories?post=853"},{"taxonomy":"post_tag","embeddable":true,"href":"https:\/\/grupocostanera.com.ar\/index.php\/wp-json\/wp\/v2\/tags?post=853"},{"taxonomy":"post_folder","embeddable":true,"href":"https:\/\/grupocostanera.com.ar\/index.php\/wp-json\/wp\/v2\/post_folder?post=853"}],"curies":[{"name":"wp","href":"https:\/\/api.w.org\/{rel}","templated":true}]}}